{"id":24877,"date":"2021-09-20T16:44:28","date_gmt":"2021-09-20T21:44:28","guid":{"rendered":"https:\/\/www.senasa.gob.pe\/senasacontigo\/?p=24877"},"modified":"2021-09-20T16:44:28","modified_gmt":"2021-09-20T21:44:28","slug":"establecimientos-de-junin-reciben-autorizacion-del-senasa-para-exportacion-de-fibra-de-alpaca-y-lana-de-ovino","status":"publish","type":"post","link":"https:\/\/www.senasa.gob.pe\/senasacontigo\/establecimientos-de-junin-reciben-autorizacion-del-senasa-para-exportacion-de-fibra-de-alpaca-y-lana-de-ovino\/","title":{"rendered":"Establecimientos de Jun\u00edn reciben autorizaci\u00f3n del SENASA para exportaci\u00f3n de fibra de alpaca y lana de ovino"},"content":{"rendered":"<p style=\"text-align: justify;\"><img loading=\"lazy\" decoding=\"async\" class=\"size-medium wp-image-24878 alignleft\" src=\"https:\/\/www.senasa.gob.pe\/senasacontigo\/wp-content\/uploads\/2021\/09\/DSC00039-300x169.jpg\" alt=\"\" width=\"300\" height=\"169\" srcset=\"https:\/\/www.senasa.gob.pe\/senasacontigo\/wp-content\/uploads\/2021\/09\/DSC00039-300x169.jpg 300w, https:\/\/www.senasa.gob.pe\/senasacontigo\/wp-content\/uploads\/2021\/09\/DSC00039-768x431.jpg 768w, https:\/\/www.senasa.gob.pe\/senasacontigo\/wp-content\/uploads\/2021\/09\/DSC00039-1024x575.jpg 1024w, https:\/\/www.senasa.gob.pe\/senasacontigo\/wp-content\/uploads\/2021\/09\/DSC00039-600x337.jpg 600w, https:\/\/www.senasa.gob.pe\/senasacontigo\/wp-content\/uploads\/2021\/09\/DSC00039-696x391.jpg 696w, https:\/\/www.senasa.gob.pe\/senasacontigo\/wp-content\/uploads\/2021\/09\/DSC00039-1068x600.jpg 1068w, https:\/\/www.senasa.gob.pe\/senasacontigo\/wp-content\/uploads\/2021\/09\/DSC00039-748x420.jpg 748w\" sizes=\"(max-width: 300px) 100vw, 300px\" \/>El Servicio Nacional de Sanidad Agraria \u2013 SENASA otorg\u00f3 la autorizaci\u00f3n sanitaria de establecimiento exportador a dos empresas que procesan fibra de alpaca y lana de ovino, en la regi\u00f3n Jun\u00edn.<\/p>\n<p style=\"text-align: justify;\">Estos centros se ubican en el distrito de Ahuac (Chupaca) y en Pachacayo (Jauja); y uno de ellos pertenece a la Sociedad Agr\u00edcola de Inter\u00e9s Social (SAIS) T\u00fapac Amaru, que est\u00e1 conformada por 30 000 campesinos de 16 comunidades asociadas.<\/p>\n<p style=\"text-align: justify;\">Mediante esta actividad, el SENASA verifica que se cumplan con las condiciones adecuadas en el aspecto higi\u00e9nico y espacios apropiados para el flujo de trabajo de la fibra como recepci\u00f3n, selecci\u00f3n, prensado, almac\u00e9n y otros.<\/p>\n<p style=\"text-align: justify;\">Las inspecciones del SENASA tambi\u00e9n permiten descartar la presencia de agentes infecciosos y par\u00e1sitos en la lana y fibra, destinadas a mercados internacionales.<\/p>\n<p style=\"text-align: justify;\"><strong>Mercado potencial<\/strong><\/p>\n<p style=\"text-align: justify;\">La fuerte demanda de lana ha despertado el inter\u00e9s de emprendedores peruanos, quienes han venido tramitando ante el Senasa las autorizaciones sanitarias exigidas por los pa\u00edses importadores para concretar las exportaciones.<\/p>\n<p style=\"text-align: justify;\">En las pr\u00f3ximas semanas, la Sociedad Agr\u00edcola de Inter\u00e9s Social (SAIS) T\u00fapac Amaru tiene proyectado exportar 26 000 kilos de lana de ovino de alta calidad al mercado uruguayo. Esta sociedad cuenta con un capital activo de 80 000 cabezas de ganado ovino y tiene un patrimonio intangible, que es la raza ovina Jun\u00edn, de incalculable valor gen\u00e9tico.<\/p>\n","protected":false},"excerpt":{"rendered":"<p>El Servicio Nacional de Sanidad Agraria \u2013 SENASA otorg\u00f3 la autorizaci\u00f3n sanitaria de establecimiento exportador a dos empresas que procesan fibra de alpaca y lana de ovino, en la regi\u00f3n Jun\u00edn. Estos centros se ubican en el distrito de Ahuac (Chupaca) y en Pachacayo (Jauja); y uno de ellos pertenece a la Sociedad Agr\u00edcola de [&hellip;]<\/p>\n","protected":false},"author":1,"featured_media":24878,"comment_status":"open","ping_status":"open","sticky":false,"template":"","format":"standard","meta":{"tdm_status":"","tdm_grid_status":"","footnotes":""},"categories":[81,11],"tags":[1991,373,102,1992,24],"class_list":["post-24877","post","type-post","status-publish","format-standard","has-post-thumbnail","hentry","category-junin","category-regiones","tag-autorizacion-sanitaria-a-establecimiento-exportador","tag-fibra-de-alpaca","tag-junin","tag-lana-de-ovino","tag-senasa"],"yoast_head":"<!-- This site is optimized with the Yoast SEO plugin v23.5 - https:\/\/yoast.com\/wordpress\/plugins\/seo\/ -->\n<title>Establecimientos de Jun\u00edn reciben autorizaci\u00f3n del SENASA para exportaci\u00f3n de fibra de alpaca y lana de ovino - SENASA al d\u00eda<\/title>\n<meta name=\"description\" content=\"El Servicio Nacional de Sanidad Agraria \u2013 SENASA otorg\u00f3 la autorizaci\u00f3n sanitaria de establecimiento exportador a dos empresas que procesan fibra de alpaca y lana de ovino, en la regi\u00f3n Jun\u00edn.\" \/>\n<meta name=\"robots\" content=\"index, follow, max-snippet:-1, max-image-preview:large, max-video-preview:-1\" \/>\n<link rel=\"canonical\" href=\"https:\/\/www.senasa.gob.pe\/senasacontigo\/establecimientos-de-junin-reciben-autorizacion-del-senasa-para-exportacion-de-fibra-de-alpaca-y-lana-de-ovino\/\" \/>\n<meta property=\"og:locale\" content=\"es_ES\" \/>\n<meta property=\"og:type\" content=\"article\" \/>\n<meta property=\"og:title\" content=\"Establecimientos de Jun\u00edn reciben autorizaci\u00f3n del SENASA para exportaci\u00f3n de fibra de alpaca y lana de ovino - SENASA al d\u00eda\" \/>\n<meta property=\"og:description\" content=\"El Servicio Nacional de Sanidad Agraria \u2013 SENASA otorg\u00f3 la autorizaci\u00f3n sanitaria de establecimiento exportador a dos empresas que procesan fibra de alpaca y lana de ovino, en la regi\u00f3n Jun\u00edn.\" \/>\n<meta property=\"og:url\" content=\"https:\/\/www.senasa.gob.pe\/senasacontigo\/establecimientos-de-junin-reciben-autorizacion-del-senasa-para-exportacion-de-fibra-de-alpaca-y-lana-de-ovino\/\" \/>\n<meta property=\"og:site_name\" content=\"SENASA al d\u00eda\" \/>\n<meta property=\"article:publisher\" content=\"https:\/\/www.facebook.com\/senasape\/?fref=ts\" \/>\n<meta property=\"article:published_time\" content=\"2021-09-20T21:44:28+00:00\" \/>\n<meta property=\"og:image\" content=\"https:\/\/www.senasa.gob.pe\/senasacontigo\/wp-content\/uploads\/2021\/09\/DSC00039-1024x575.jpg\" \/>\n\t<meta property=\"og:image:width\" content=\"1024\" \/>\n\t<meta property=\"og:image:height\" content=\"575\" \/>\n\t<meta property=\"og:image:type\" content=\"image\/jpeg\" \/>\n<meta name=\"author\" content=\"@dm53n4s4\" \/>\n<meta name=\"twitter:card\" content=\"summary_large_image\" \/>\n<meta name=\"twitter:label1\" content=\"Written by\" \/>\n\t<meta name=\"twitter:data1\" content=\"@dm53n4s4\" \/>\n\t<meta name=\"twitter:label2\" content=\"Est. reading time\" \/>\n\t<meta name=\"twitter:data2\" content=\"1 minuto\" \/>\n<script type=\"application\/ld+json\" class=\"yoast-schema-graph\">{\"@context\":\"https:\/\/schema.org\",\"@graph\":[{\"@type\":\"WebPage\",\"@id\":\"https:\/\/www.senasa.gob.pe\/senasacontigo\/establecimientos-de-junin-reciben-autorizacion-del-senasa-para-exportacion-de-fibra-de-alpaca-y-lana-de-ovino\/\",\"url\":\"https:\/\/www.senasa.gob.pe\/senasacontigo\/establecimientos-de-junin-reciben-autorizacion-del-senasa-para-exportacion-de-fibra-de-alpaca-y-lana-de-ovino\/\",\"name\":\"Establecimientos de Jun\u00edn reciben autorizaci\u00f3n del SENASA para exportaci\u00f3n de fibra de alpaca y lana de ovino - SENASA al d\u00eda\",\"isPartOf\":{\"@id\":\"https:\/\/www.senasa.gob.pe\/senasacontigo\/#website\"},\"primaryImageOfPage\":{\"@id\":\"https:\/\/www.senasa.gob.pe\/senasacontigo\/establecimientos-de-junin-reciben-autorizacion-del-senasa-para-exportacion-de-fibra-de-alpaca-y-lana-de-ovino\/#primaryimage\"},\"image\":{\"@id\":\"https:\/\/www.senasa.gob.pe\/senasacontigo\/establecimientos-de-junin-reciben-autorizacion-del-senasa-para-exportacion-de-fibra-de-alpaca-y-lana-de-ovino\/#primaryimage\"},\"thumbnailUrl\":\"https:\/\/www.senasa.gob.pe\/senasacontigo\/wp-content\/uploads\/2021\/09\/DSC00039.jpg\",\"datePublished\":\"2021-09-20T21:44:28+00:00\",\"dateModified\":\"2021-09-20T21:44:28+00:00\",\"author\":{\"@id\":\"https:\/\/www.senasa.gob.pe\/senasacontigo\/#\/schema\/person\/aabaeee55ab02328a5e0d5ffb8d8d9b6\"},\"description\":\"El Servicio Nacional de Sanidad Agraria \u2013 SENASA otorg\u00f3 la autorizaci\u00f3n sanitaria de establecimiento exportador a dos empresas que procesan fibra de alpaca y lana de ovino, en la regi\u00f3n Jun\u00edn.\",\"breadcrumb\":{\"@id\":\"https:\/\/www.senasa.gob.pe\/senasacontigo\/establecimientos-de-junin-reciben-autorizacion-del-senasa-para-exportacion-de-fibra-de-alpaca-y-lana-de-ovino\/#breadcrumb\"},\"inLanguage\":\"es-PE\",\"potentialAction\":[{\"@type\":\"ReadAction\",\"target\":[\"https:\/\/www.senasa.gob.pe\/senasacontigo\/establecimientos-de-junin-reciben-autorizacion-del-senasa-para-exportacion-de-fibra-de-alpaca-y-lana-de-ovino\/\"]}]},{\"@type\":\"ImageObject\",\"inLanguage\":\"es-PE\",\"@id\":\"https:\/\/www.senasa.gob.pe\/senasacontigo\/establecimientos-de-junin-reciben-autorizacion-del-senasa-para-exportacion-de-fibra-de-alpaca-y-lana-de-ovino\/#primaryimage\",\"url\":\"https:\/\/www.senasa.gob.pe\/senasacontigo\/wp-content\/uploads\/2021\/09\/DSC00039.jpg\",\"contentUrl\":\"https:\/\/www.senasa.gob.pe\/senasacontigo\/wp-content\/uploads\/2021\/09\/DSC00039.jpg\",\"width\":5440,\"height\":3056},{\"@type\":\"BreadcrumbList\",\"@id\":\"https:\/\/www.senasa.gob.pe\/senasacontigo\/establecimientos-de-junin-reciben-autorizacion-del-senasa-para-exportacion-de-fibra-de-alpaca-y-lana-de-ovino\/#breadcrumb\",\"itemListElement\":[{\"@type\":\"ListItem\",\"position\":1,\"name\":\"Home\",\"item\":\"https:\/\/www.senasa.gob.pe\/senasacontigo\/\"},{\"@type\":\"ListItem\",\"position\":2,\"name\":\"Establecimientos de Jun\u00edn reciben autorizaci\u00f3n del SENASA para exportaci\u00f3n de fibra de alpaca y lana de ovino\"}]},{\"@type\":\"WebSite\",\"@id\":\"https:\/\/www.senasa.gob.pe\/senasacontigo\/#website\",\"url\":\"https:\/\/www.senasa.gob.pe\/senasacontigo\/\",\"name\":\"SENASA al d\u00eda\",\"description\":\"Blog de SENASA\",\"potentialAction\":[{\"@type\":\"SearchAction\",\"target\":{\"@type\":\"EntryPoint\",\"urlTemplate\":\"https:\/\/www.senasa.gob.pe\/senasacontigo\/?s={search_term_string}\"},\"query-input\":{\"@type\":\"PropertyValueSpecification\",\"valueRequired\":true,\"valueName\":\"search_term_string\"}}],\"inLanguage\":\"es-PE\"},{\"@type\":\"Person\",\"@id\":\"https:\/\/www.senasa.gob.pe\/senasacontigo\/#\/schema\/person\/aabaeee55ab02328a5e0d5ffb8d8d9b6\",\"name\":\"@dm53n4s4\",\"image\":{\"@type\":\"ImageObject\",\"inLanguage\":\"es-PE\",\"@id\":\"https:\/\/www.senasa.gob.pe\/senasacontigo\/#\/schema\/person\/image\/\",\"url\":\"https:\/\/secure.gravatar.com\/avatar\/8666a564e9f53583820a9a230781b41e?s=96&d=mm&r=g\",\"contentUrl\":\"https:\/\/secure.gravatar.com\/avatar\/8666a564e9f53583820a9a230781b41e?s=96&d=mm&r=g\",\"caption\":\"@dm53n4s4\"},\"url\":\"https:\/\/www.senasa.gob.pe\/senasacontigo\/author\/dm53n4s4\/\"}]}<\/script>\n<!-- \/ Yoast SEO plugin. -->","yoast_head_json":{"title":"Establecimientos de Jun\u00edn reciben autorizaci\u00f3n del SENASA para exportaci\u00f3n de fibra de alpaca y lana de ovino - SENASA al d\u00eda","description":"El Servicio Nacional de Sanidad Agraria \u2013 SENASA otorg\u00f3 la autorizaci\u00f3n sanitaria de establecimiento exportador a dos empresas que procesan fibra de alpaca y lana de ovino, en la regi\u00f3n Jun\u00edn.","robots":{"index":"index","follow":"follow","max-snippet":"max-snippet:-1","max-image-preview":"max-image-preview:large","max-video-preview":"max-video-preview:-1"},"canonical":"https:\/\/www.senasa.gob.pe\/senasacontigo\/establecimientos-de-junin-reciben-autorizacion-del-senasa-para-exportacion-de-fibra-de-alpaca-y-lana-de-ovino\/","og_locale":"es_ES","og_type":"article","og_title":"Establecimientos de Jun\u00edn reciben autorizaci\u00f3n del SENASA para exportaci\u00f3n de fibra de alpaca y lana de ovino - SENASA al d\u00eda","og_description":"El Servicio Nacional de Sanidad Agraria \u2013 SENASA otorg\u00f3 la autorizaci\u00f3n sanitaria de establecimiento exportador a dos empresas que procesan fibra de alpaca y lana de ovino, en la regi\u00f3n Jun\u00edn.","og_url":"https:\/\/www.senasa.gob.pe\/senasacontigo\/establecimientos-de-junin-reciben-autorizacion-del-senasa-para-exportacion-de-fibra-de-alpaca-y-lana-de-ovino\/","og_site_name":"SENASA al d\u00eda","article_publisher":"https:\/\/www.facebook.com\/senasape\/?fref=ts","article_published_time":"2021-09-20T21:44:28+00:00","og_image":[{"width":1024,"height":575,"url":"https:\/\/www.senasa.gob.pe\/senasacontigo\/wp-content\/uploads\/2021\/09\/DSC00039-1024x575.jpg","type":"image\/jpeg"}],"author":"@dm53n4s4","twitter_card":"summary_large_image","twitter_misc":{"Written by":"@dm53n4s4","Est. reading time":"1 minuto"},"schema":{"@context":"https:\/\/schema.org","@graph":[{"@type":"WebPage","@id":"https:\/\/www.senasa.gob.pe\/senasacontigo\/establecimientos-de-junin-reciben-autorizacion-del-senasa-para-exportacion-de-fibra-de-alpaca-y-lana-de-ovino\/","url":"https:\/\/www.senasa.gob.pe\/senasacontigo\/establecimientos-de-junin-reciben-autorizacion-del-senasa-para-exportacion-de-fibra-de-alpaca-y-lana-de-ovino\/","name":"Establecimientos de Jun\u00edn reciben autorizaci\u00f3n del SENASA para exportaci\u00f3n de fibra de alpaca y lana de ovino - SENASA al d\u00eda","isPartOf":{"@id":"https:\/\/www.senasa.gob.pe\/senasacontigo\/#website"},"primaryImageOfPage":{"@id":"https:\/\/www.senasa.gob.pe\/senasacontigo\/establecimientos-de-junin-reciben-autorizacion-del-senasa-para-exportacion-de-fibra-de-alpaca-y-lana-de-ovino\/#primaryimage"},"image":{"@id":"https:\/\/www.senasa.gob.pe\/senasacontigo\/establecimientos-de-junin-reciben-autorizacion-del-senasa-para-exportacion-de-fibra-de-alpaca-y-lana-de-ovino\/#primaryimage"},"thumbnailUrl":"https:\/\/www.senasa.gob.pe\/senasacontigo\/wp-content\/uploads\/2021\/09\/DSC00039.jpg","datePublished":"2021-09-20T21:44:28+00:00","dateModified":"2021-09-20T21:44:28+00:00","author":{"@id":"https:\/\/www.senasa.gob.pe\/senasacontigo\/#\/schema\/person\/aabaeee55ab02328a5e0d5ffb8d8d9b6"},"description":"El Servicio Nacional de Sanidad Agraria \u2013 SENASA otorg\u00f3 la autorizaci\u00f3n sanitaria de establecimiento exportador a dos empresas que procesan fibra de alpaca y lana de ovino, en la regi\u00f3n Jun\u00edn.","breadcrumb":{"@id":"https:\/\/www.senasa.gob.pe\/senasacontigo\/establecimientos-de-junin-reciben-autorizacion-del-senasa-para-exportacion-de-fibra-de-alpaca-y-lana-de-ovino\/#breadcrumb"},"inLanguage":"es-PE","potentialAction":[{"@type":"ReadAction","target":["https:\/\/www.senasa.gob.pe\/senasacontigo\/establecimientos-de-junin-reciben-autorizacion-del-senasa-para-exportacion-de-fibra-de-alpaca-y-lana-de-ovino\/"]}]},{"@type":"ImageObject","inLanguage":"es-PE","@id":"https:\/\/www.senasa.gob.pe\/senasacontigo\/establecimientos-de-junin-reciben-autorizacion-del-senasa-para-exportacion-de-fibra-de-alpaca-y-lana-de-ovino\/#primaryimage","url":"https:\/\/www.senasa.gob.pe\/senasacontigo\/wp-content\/uploads\/2021\/09\/DSC00039.jpg","contentUrl":"https:\/\/www.senasa.gob.pe\/senasacontigo\/wp-content\/uploads\/2021\/09\/DSC00039.jpg","width":5440,"height":3056},{"@type":"BreadcrumbList","@id":"https:\/\/www.senasa.gob.pe\/senasacontigo\/establecimientos-de-junin-reciben-autorizacion-del-senasa-para-exportacion-de-fibra-de-alpaca-y-lana-de-ovino\/#breadcrumb","itemListElement":[{"@type":"ListItem","position":1,"name":"Home","item":"https:\/\/www.senasa.gob.pe\/senasacontigo\/"},{"@type":"ListItem","position":2,"name":"Establecimientos de Jun\u00edn reciben autorizaci\u00f3n del SENASA para exportaci\u00f3n de fibra de alpaca y lana de ovino"}]},{"@type":"WebSite","@id":"https:\/\/www.senasa.gob.pe\/senasacontigo\/#website","url":"https:\/\/www.senasa.gob.pe\/senasacontigo\/","name":"SENASA al d\u00eda","description":"Blog de SENASA","potentialAction":[{"@type":"SearchAction","target":{"@type":"EntryPoint","urlTemplate":"https:\/\/www.senasa.gob.pe\/senasacontigo\/?s={search_term_string}"},"query-input":{"@type":"PropertyValueSpecification","valueRequired":true,"valueName":"search_term_string"}}],"inLanguage":"es-PE"},{"@type":"Person","@id":"https:\/\/www.senasa.gob.pe\/senasacontigo\/#\/schema\/person\/aabaeee55ab02328a5e0d5ffb8d8d9b6","name":"@dm53n4s4","image":{"@type":"ImageObject","inLanguage":"es-PE","@id":"https:\/\/www.senasa.gob.pe\/senasacontigo\/#\/schema\/person\/image\/","url":"https:\/\/secure.gravatar.com\/avatar\/8666a564e9f53583820a9a230781b41e?s=96&d=mm&r=g","contentUrl":"https:\/\/secure.gravatar.com\/avatar\/8666a564e9f53583820a9a230781b41e?s=96&d=mm&r=g","caption":"@dm53n4s4"},"url":"https:\/\/www.senasa.gob.pe\/senasacontigo\/author\/dm53n4s4\/"}]}},"_links":{"self":[{"href":"https:\/\/www.senasa.gob.pe\/senasacontigo\/wp-json\/wp\/v2\/posts\/24877"}],"collection":[{"href":"https:\/\/www.senasa.gob.pe\/senasacontigo\/wp-json\/wp\/v2\/posts"}],"about":[{"href":"https:\/\/www.senasa.gob.pe\/senasacontigo\/wp-json\/wp\/v2\/types\/post"}],"author":[{"embeddable":true,"href":"https:\/\/www.senasa.gob.pe\/senasacontigo\/wp-json\/wp\/v2\/users\/1"}],"replies":[{"embeddable":true,"href":"https:\/\/www.senasa.gob.pe\/senasacontigo\/wp-json\/wp\/v2\/comments?post=24877"}],"version-history":[{"count":1,"href":"https:\/\/www.senasa.gob.pe\/senasacontigo\/wp-json\/wp\/v2\/posts\/24877\/revisions"}],"predecessor-version":[{"id":24879,"href":"https:\/\/www.senasa.gob.pe\/senasacontigo\/wp-json\/wp\/v2\/posts\/24877\/revisions\/24879"}],"wp:featuredmedia":[{"embeddable":true,"href":"https:\/\/www.senasa.gob.pe\/senasacontigo\/wp-json\/wp\/v2\/media\/24878"}],"wp:attachment":[{"href":"https:\/\/www.senasa.gob.pe\/senasacontigo\/wp-json\/wp\/v2\/media?parent=24877"}],"wp:term":[{"taxonomy":"category","embeddable":true,"href":"https:\/\/www.senasa.gob.pe\/senasacontigo\/wp-json\/wp\/v2\/categories?post=24877"},{"taxonomy":"post_tag","embeddable":true,"href":"https:\/\/www.senasa.gob.pe\/senasacontigo\/wp-json\/wp\/v2\/tags?post=24877"}],"curies":[{"name":"wp","href":"https:\/\/api.w.org\/{rel}","templated":true}]}}